{"id":698,"date":"2021-06-05T15:08:16","date_gmt":"2021-06-05T13:08:16","guid":{"rendered":"http:\/\/obwodnicamilicza.pl\/?p=698"},"modified":"2022-09-26T13:00:01","modified_gmt":"2022-09-26T11:00:01","slug":"i-konsultacje-spoleczne","status":"publish","type":"post","link":"http:\/\/obwodnicamilicza.pl\/index.php\/2021\/06\/05\/i-konsultacje-spoleczne\/","title":{"rendered":"I spotkanie informacyjne"},"content":{"rendered":"\n<p class=\"has-text-align-center\"><strong>ZAPRASZAMY<\/strong><\/p>\n\n\n\n<p class=\"has-text-align-center\"><strong>Burmistrz Miasta Milicz,<br>Generalna Dyrekcja Dr\u00f3g Krajowych i Autostrad Oddzia\u0142 we Wroc\u0142awiu<br>oraz Biuro Projekt\u00f3w \u201eIVIA\u201d<\/strong><\/p>\n\n\n\n<p class=\"has-text-align-center has-medium-font-size\">zapraszaj\u0105 na spotkanie informacyjne z mieszka\u0144cami<br><\/p>\n\n\n\n<p class=\"has-text-align-center\">w zwi\u0105zku z opracowaniem<\/p>\n\n\n\n<p class=\"has-text-align-center has-medium-font-size\"><br><strong><span class=\"has-inline-color has-vivid-cyan-blue-color\">Studium Techniczno-Ekonomiczno-\u015arodowiskowego<br>dla przedsi\u0119wzi\u0119cia pod nazw\u0105:<br>\u201eBUDOWA OBWODNICY MILICZA<br>W CI\u0104GU DROGI KRAJOWEJ NR 15\u201d<\/span><\/strong><br><\/p>\n\n\n\n<p class=\"has-text-align-center\">Spotkanie* odb\u0119dzie si\u0119 w:<span style=\"text-decoration: underline;\"><br><\/span><strong>auli I Liceum Og\u00f3lnokszta\u0142c\u0105cego w Miliczu przy ulicy 11 listopada 5<br>21.06.2021 (poniedzia\u0142ek) od godz. 16:00<\/strong><\/p>\n\n\n\n<p class=\"has-text-align-center\"><br>Materia\u0142y dotycz\u0105ce proponowanych wariant\u00f3w przebiegu trasy projektowanej obwodnicy Milicza<br>w wersji papierowej udost\u0119pnione b\u0119d\u0105 pod adresem:<br><strong>Urz\u0105d Miasta <\/strong>i <strong>Gminy Milicz<\/strong>, ul. Trzebnicka 2, 56-300 Milicz<br>a tak\u017ce w wersji elektronicznej na stronach internetowych:<span class=\"has-inline-color has-vivid-cyan-blue-color\"> <\/span><a href=\"http:\/\/www.milicz.pl\" data-type=\"URL\" data-id=\"www.milicz.pl\"><strong><span class=\"has-inline-color has-vivid-cyan-blue-color\">milicz.pl<\/span><\/strong><\/a> oraz <strong><span class=\"has-inline-color has-vivid-cyan-blue-color\"><a href=\"http:\/\/www.obwodnicamilicza.pl\/do-pobrania\" data-type=\"URL\" data-id=\"http:\/\/www.obwodnicamilicza.pl\/do-pobrania\">obwodnicamilicza.pl<\/a><\/span><\/strong><br>Podczas spotka\u0144 b\u0119dzie mo\u017cliwo\u015b\u0107 zadawania pyta\u0144 na temat przebiegu wariant\u00f3w obwodnicy, a tak\u017ce zg\u0142aszania uwag mieszka\u0144c\u00f3w za<br>pomoc\u0105 formularzy, kt\u00f3re mo\u017cna pobra\u0107 na wy\u017cej ww. stronach. Podpisane formularze mo\u017cna z\u0142o\u017cy\u0107 podczas spotka\u0144 lub przes\u0142a\u0107<br>do dnia <span class=\"has-inline-color has-black-color\"><strong>30.06.2021 na adres: IVIA S.A. ul. Ro\u017adzie\u0144skiego 91, 40-203 Katowice lub adres email: <\/strong><\/span><strong><span style=\"text-decoration: underline;\"><span class=\"has-inline-color has-vivid-cyan-blue-color\">wnioski_milicz@ivia.pl<\/span><\/span><\/strong><\/p>\n\n\n\n<p>Pliki do pobrania:<\/p>\n\n\n\n<p><mark style=\"background-color:rgba(0, 0, 0, 0)\" class=\"has-inline-color has-vivid-cyan-blue-color\">Og\u0142oszenie o konsultacjach spo\u0142ecznych dn. 21.06.2021<\/mark><\/p>\n\n\n\n<p><a href=\"http:\/\/obwodnicamilicza.pl\/wp-content\/uploads\/2021\/06\/formularz-wniosku.pdf\" data-type=\"URL\" data-id=\"http:\/\/obwodnicamilicza.pl\/wp-content\/uploads\/2021\/06\/formularz-wniosku.pdf\"><span class=\"has-inline-color has-vivid-cyan-blue-color\">Formularz wniosku &#8211; Dzia\u0142ania informacyjno \u2013 konsultacyjne &#8211; nale\u017cy z\u0142o\u017cy\u0107 do 30.06.2021<\/span><\/a><\/p>\n\n\n\n<p><a href=\"http:\/\/obwodnicamilicza.pl\/wp-content\/uploads\/2021\/06\/plakat_Milicz-A3.pdf\"><span class=\"has-inline-color has-vivid-cyan-blue-color\">Plakat &#8211; Budowa obwodnicy Milicza<\/span><\/a><\/p>\n\n\n\n<ul class=\"wp-block-list\"><li>Z uwagi na panuj\u0105c\u0105 sytuacj\u0119 pandemiczn\u0105 spotkanie zostanie zorganizowane z zachowaniem obowi\u0105zuj\u0105cych zasad obostrze\u0144 sanitarnych,<br>z powodu ograniczenia liczby miejsc prosimy aby na spotkanie przyby\u0142o tylko po jednej osobie reprezentuj\u0105cej jedno gospodarstwo domowe.<\/li><\/ul>\n\n\n\n<p><\/p>\n","protected":false},"excerpt":{"rendered":"<p>Zapraszamy na spotkanie informacyjne z mieszka\u0144cami w zwi\u0105zku z opracowaniem Studium Techniczno-Ekonomiczno-\u015arodowiskowego dla przedsi\u0119wzi\u0119cia pod nazw\u0105: \u201eBUDOWA OBWODNICY MILICZA<br \/>\nW CI\u0104GU DROGI KRAJOWEJ NR 15\u201d<\/p>\n","protected":false},"author":1,"featured_media":0,"comment_status":"open","ping_status":"open","sticky":false,"template":"","format":"standard","meta":{"footnotes":""},"categories":[11,3],"tags":[],"class_list":["post-698","post","type-post","status-publish","format-standard","hentry","category-aktualnosci","category-konsultacje"],"gutentor_comment":0,"yoast_head":"<!-- This site is optimized with the Yoast SEO plugin v27.5 - https:\/\/yoast.com\/product\/yoast-seo-wordpress\/ -->\n<title>I spotkanie informacyjne - Budowa obwodnicy Milicza DK15<\/title>\n<meta name=\"description\" content=\"Milicz, obwodnica Milicza, obwodnicamilicza, 100obwodnic, DK 15, DW 439, DW 448, spotkanie informacyjne, konsultacje spo\u0142eczne, warianty, przebieg trasy, IVIA, Dolina Baryczy, Kaszowo, Stawiec, K\u0105ty, \u015awi\u0119toszyn, Tomaszk\u00f3w, Mi\u0142ochowice, Koruszka, Wszewilki\" \/>\n<meta name=\"robots\" content=\"index, follow, max-snippet:-1, max-image-preview:large, max-video-preview:-1\" \/>\n<link rel=\"canonical\" href=\"http:\/\/obwodnicamilicza.pl\/index.php\/2021\/06\/05\/i-konsultacje-spoleczne\/\" \/>\n<meta property=\"og:locale\" content=\"pl_PL\" \/>\n<meta property=\"og:type\" content=\"article\" \/>\n<meta property=\"og:title\" content=\"I spotkanie informacyjne - Budowa obwodnicy Milicza DK15\" \/>\n<meta property=\"og:description\" content=\"Milicz, obwodnica Milicza, obwodnicamilicza, 100obwodnic, DK 15, DW 439, DW 448, spotkanie informacyjne, konsultacje spo\u0142eczne, warianty, przebieg trasy, IVIA, Dolina Baryczy, Kaszowo, Stawiec, K\u0105ty, \u015awi\u0119toszyn, Tomaszk\u00f3w, Mi\u0142ochowice, Koruszka, Wszewilki\" \/>\n<meta property=\"og:url\" content=\"http:\/\/obwodnicamilicza.pl\/index.php\/2021\/06\/05\/i-konsultacje-spoleczne\/\" \/>\n<meta property=\"og:site_name\" content=\"Budowa obwodnicy Milicza DK15\" \/>\n<meta property=\"article:published_time\" content=\"2021-06-05T13:08:16+00:00\" \/>\n<meta property=\"article:modified_time\" content=\"2022-09-26T11:00:01+00:00\" \/>\n<meta name=\"author\" content=\"milicz\" \/>\n<meta name=\"twitter:card\" content=\"summary_large_image\" \/>\n<meta name=\"twitter:label1\" content=\"Napisane przez\" \/>\n\t<meta name=\"twitter:data1\" content=\"milicz\" \/>\n\t<meta name=\"twitter:label2\" content=\"Szacowany czas czytania\" \/>\n\t<meta name=\"twitter:data2\" content=\"2 minuty\" \/>\n<script type=\"application\/ld+json\" class=\"yoast-schema-graph\">{\"@context\":\"https:\\\/\\\/schema.org\",\"@graph\":[{\"@type\":\"Article\",\"@id\":\"http:\\\/\\\/obwodnicamilicza.pl\\\/index.php\\\/2021\\\/06\\\/05\\\/i-konsultacje-spoleczne\\\/#article\",\"isPartOf\":{\"@id\":\"http:\\\/\\\/obwodnicamilicza.pl\\\/index.php\\\/2021\\\/06\\\/05\\\/i-konsultacje-spoleczne\\\/\"},\"author\":{\"name\":\"milicz\",\"@id\":\"http:\\\/\\\/obwodnicamilicza.pl\\\/#\\\/schema\\\/person\\\/76d003005e5409cfcd3220ea8f5cf289\"},\"headline\":\"I spotkanie informacyjne\",\"datePublished\":\"2021-06-05T13:08:16+00:00\",\"dateModified\":\"2022-09-26T11:00:01+00:00\",\"mainEntityOfPage\":{\"@id\":\"http:\\\/\\\/obwodnicamilicza.pl\\\/index.php\\\/2021\\\/06\\\/05\\\/i-konsultacje-spoleczne\\\/\"},\"wordCount\":248,\"commentCount\":0,\"publisher\":{\"@id\":\"http:\\\/\\\/obwodnicamilicza.pl\\\/#organization\"},\"articleSection\":[\"Aktualno\u015bci\",\"Konsultacje\"],\"inLanguage\":\"pl-PL\",\"potentialAction\":[{\"@type\":\"CommentAction\",\"name\":\"Comment\",\"target\":[\"http:\\\/\\\/obwodnicamilicza.pl\\\/index.php\\\/2021\\\/06\\\/05\\\/i-konsultacje-spoleczne\\\/#respond\"]}]},{\"@type\":\"WebPage\",\"@id\":\"http:\\\/\\\/obwodnicamilicza.pl\\\/index.php\\\/2021\\\/06\\\/05\\\/i-konsultacje-spoleczne\\\/\",\"url\":\"http:\\\/\\\/obwodnicamilicza.pl\\\/index.php\\\/2021\\\/06\\\/05\\\/i-konsultacje-spoleczne\\\/\",\"name\":\"I spotkanie informacyjne - Budowa obwodnicy Milicza DK15\",\"isPartOf\":{\"@id\":\"http:\\\/\\\/obwodnicamilicza.pl\\\/#website\"},\"datePublished\":\"2021-06-05T13:08:16+00:00\",\"dateModified\":\"2022-09-26T11:00:01+00:00\",\"description\":\"Milicz, obwodnica Milicza, obwodnicamilicza, 100obwodnic, DK 15, DW 439, DW 448, spotkanie informacyjne, konsultacje spo\u0142eczne, warianty, przebieg trasy, IVIA, Dolina Baryczy, Kaszowo, Stawiec, K\u0105ty, \u015awi\u0119toszyn, Tomaszk\u00f3w, Mi\u0142ochowice, Koruszka, Wszewilki\",\"breadcrumb\":{\"@id\":\"http:\\\/\\\/obwodnicamilicza.pl\\\/index.php\\\/2021\\\/06\\\/05\\\/i-konsultacje-spoleczne\\\/#breadcrumb\"},\"inLanguage\":\"pl-PL\",\"potentialAction\":[{\"@type\":\"ReadAction\",\"target\":[\"http:\\\/\\\/obwodnicamilicza.pl\\\/index.php\\\/2021\\\/06\\\/05\\\/i-konsultacje-spoleczne\\\/\"]}]},{\"@type\":\"BreadcrumbList\",\"@id\":\"http:\\\/\\\/obwodnicamilicza.pl\\\/index.php\\\/2021\\\/06\\\/05\\\/i-konsultacje-spoleczne\\\/#breadcrumb\",\"itemListElement\":[{\"@type\":\"ListItem\",\"position\":1,\"name\":\"Strona g\u0142\u00f3wna\",\"item\":\"http:\\\/\\\/obwodnicamilicza.pl\\\/\"},{\"@type\":\"ListItem\",\"position\":2,\"name\":\"I spotkanie informacyjne\"}]},{\"@type\":\"WebSite\",\"@id\":\"http:\\\/\\\/obwodnicamilicza.pl\\\/#website\",\"url\":\"http:\\\/\\\/obwodnicamilicza.pl\\\/\",\"name\":\"Budowa obwodnicy Milicza DK15\",\"description\":\"Budowa obwodnicy Milicza w ci\u0105gu drogi krajowej nr 15\",\"publisher\":{\"@id\":\"http:\\\/\\\/obwodnicamilicza.pl\\\/#organization\"},\"potentialAction\":[{\"@type\":\"SearchAction\",\"target\":{\"@type\":\"EntryPoint\",\"urlTemplate\":\"http:\\\/\\\/obwodnicamilicza.pl\\\/?s={search_term_string}\"},\"query-input\":{\"@type\":\"PropertyValueSpecification\",\"valueRequired\":true,\"valueName\":\"search_term_string\"}}],\"inLanguage\":\"pl-PL\"},{\"@type\":\"Organization\",\"@id\":\"http:\\\/\\\/obwodnicamilicza.pl\\\/#organization\",\"name\":\"Budowa obwodnicy Milicza DK15\",\"url\":\"http:\\\/\\\/obwodnicamilicza.pl\\\/\",\"logo\":{\"@type\":\"ImageObject\",\"inLanguage\":\"pl-PL\",\"@id\":\"http:\\\/\\\/obwodnicamilicza.pl\\\/#\\\/schema\\\/logo\\\/image\\\/\",\"url\":\"http:\\\/\\\/obwodnicamilicza.pl\\\/wp-content\\\/uploads\\\/2021\\\/06\\\/cropped-100_obwodnic_kolor.png\",\"contentUrl\":\"http:\\\/\\\/obwodnicamilicza.pl\\\/wp-content\\\/uploads\\\/2021\\\/06\\\/cropped-100_obwodnic_kolor.png\",\"width\":290,\"height\":38,\"caption\":\"Budowa obwodnicy Milicza DK15\"},\"image\":{\"@id\":\"http:\\\/\\\/obwodnicamilicza.pl\\\/#\\\/schema\\\/logo\\\/image\\\/\"}},{\"@type\":\"Person\",\"@id\":\"http:\\\/\\\/obwodnicamilicza.pl\\\/#\\\/schema\\\/person\\\/76d003005e5409cfcd3220ea8f5cf289\",\"name\":\"milicz\",\"image\":{\"@type\":\"ImageObject\",\"inLanguage\":\"pl-PL\",\"@id\":\"https:\\\/\\\/secure.gravatar.com\\\/avatar\\\/2330c906e29c143c5cdd177ff5c5600333c951f739c1193d6f534b71e1333ec7?s=96&d=mm&r=g\",\"url\":\"https:\\\/\\\/secure.gravatar.com\\\/avatar\\\/2330c906e29c143c5cdd177ff5c5600333c951f739c1193d6f534b71e1333ec7?s=96&d=mm&r=g\",\"contentUrl\":\"https:\\\/\\\/secure.gravatar.com\\\/avatar\\\/2330c906e29c143c5cdd177ff5c5600333c951f739c1193d6f534b71e1333ec7?s=96&d=mm&r=g\",\"caption\":\"milicz\"},\"sameAs\":[\"http:\\\/\\\/obwodnicamilicza.pl\"],\"url\":\"http:\\\/\\\/obwodnicamilicza.pl\\\/index.php\\\/author\\\/milicz\\\/\"}]}<\/script>\n<!-- \/ Yoast SEO plugin. -->","yoast_head_json":{"title":"I spotkanie informacyjne - Budowa obwodnicy Milicza DK15","description":"Milicz, obwodnica Milicza, obwodnicamilicza, 100obwodnic, DK 15, DW 439, DW 448, spotkanie informacyjne, konsultacje spo\u0142eczne, warianty, przebieg trasy, IVIA, Dolina Baryczy, Kaszowo, Stawiec, K\u0105ty, \u015awi\u0119toszyn, Tomaszk\u00f3w, Mi\u0142ochowice, Koruszka, Wszewilki","robots":{"index":"index","follow":"follow","max-snippet":"max-snippet:-1","max-image-preview":"max-image-preview:large","max-video-preview":"max-video-preview:-1"},"canonical":"http:\/\/obwodnicamilicza.pl\/index.php\/2021\/06\/05\/i-konsultacje-spoleczne\/","og_locale":"pl_PL","og_type":"article","og_title":"I spotkanie informacyjne - Budowa obwodnicy Milicza DK15","og_description":"Milicz, obwodnica Milicza, obwodnicamilicza, 100obwodnic, DK 15, DW 439, DW 448, spotkanie informacyjne, konsultacje spo\u0142eczne, warianty, przebieg trasy, IVIA, Dolina Baryczy, Kaszowo, Stawiec, K\u0105ty, \u015awi\u0119toszyn, Tomaszk\u00f3w, Mi\u0142ochowice, Koruszka, Wszewilki","og_url":"http:\/\/obwodnicamilicza.pl\/index.php\/2021\/06\/05\/i-konsultacje-spoleczne\/","og_site_name":"Budowa obwodnicy Milicza DK15","article_published_time":"2021-06-05T13:08:16+00:00","article_modified_time":"2022-09-26T11:00:01+00:00","author":"milicz","twitter_card":"summary_large_image","twitter_misc":{"Napisane przez":"milicz","Szacowany czas czytania":"2 minuty"},"schema":{"@context":"https:\/\/schema.org","@graph":[{"@type":"Article","@id":"http:\/\/obwodnicamilicza.pl\/index.php\/2021\/06\/05\/i-konsultacje-spoleczne\/#article","isPartOf":{"@id":"http:\/\/obwodnicamilicza.pl\/index.php\/2021\/06\/05\/i-konsultacje-spoleczne\/"},"author":{"name":"milicz","@id":"http:\/\/obwodnicamilicza.pl\/#\/schema\/person\/76d003005e5409cfcd3220ea8f5cf289"},"headline":"I spotkanie informacyjne","datePublished":"2021-06-05T13:08:16+00:00","dateModified":"2022-09-26T11:00:01+00:00","mainEntityOfPage":{"@id":"http:\/\/obwodnicamilicza.pl\/index.php\/2021\/06\/05\/i-konsultacje-spoleczne\/"},"wordCount":248,"commentCount":0,"publisher":{"@id":"http:\/\/obwodnicamilicza.pl\/#organization"},"articleSection":["Aktualno\u015bci","Konsultacje"],"inLanguage":"pl-PL","potentialAction":[{"@type":"CommentAction","name":"Comment","target":["http:\/\/obwodnicamilicza.pl\/index.php\/2021\/06\/05\/i-konsultacje-spoleczne\/#respond"]}]},{"@type":"WebPage","@id":"http:\/\/obwodnicamilicza.pl\/index.php\/2021\/06\/05\/i-konsultacje-spoleczne\/","url":"http:\/\/obwodnicamilicza.pl\/index.php\/2021\/06\/05\/i-konsultacje-spoleczne\/","name":"I spotkanie informacyjne - Budowa obwodnicy Milicza DK15","isPartOf":{"@id":"http:\/\/obwodnicamilicza.pl\/#website"},"datePublished":"2021-06-05T13:08:16+00:00","dateModified":"2022-09-26T11:00:01+00:00","description":"Milicz, obwodnica Milicza, obwodnicamilicza, 100obwodnic, DK 15, DW 439, DW 448, spotkanie informacyjne, konsultacje spo\u0142eczne, warianty, przebieg trasy, IVIA, Dolina Baryczy, Kaszowo, Stawiec, K\u0105ty, \u015awi\u0119toszyn, Tomaszk\u00f3w, Mi\u0142ochowice, Koruszka, Wszewilki","breadcrumb":{"@id":"http:\/\/obwodnicamilicza.pl\/index.php\/2021\/06\/05\/i-konsultacje-spoleczne\/#breadcrumb"},"inLanguage":"pl-PL","potentialAction":[{"@type":"ReadAction","target":["http:\/\/obwodnicamilicza.pl\/index.php\/2021\/06\/05\/i-konsultacje-spoleczne\/"]}]},{"@type":"BreadcrumbList","@id":"http:\/\/obwodnicamilicza.pl\/index.php\/2021\/06\/05\/i-konsultacje-spoleczne\/#breadcrumb","itemListElement":[{"@type":"ListItem","position":1,"name":"Strona g\u0142\u00f3wna","item":"http:\/\/obwodnicamilicza.pl\/"},{"@type":"ListItem","position":2,"name":"I spotkanie informacyjne"}]},{"@type":"WebSite","@id":"http:\/\/obwodnicamilicza.pl\/#website","url":"http:\/\/obwodnicamilicza.pl\/","name":"Budowa obwodnicy Milicza DK15","description":"Budowa obwodnicy Milicza w ci\u0105gu drogi krajowej nr 15","publisher":{"@id":"http:\/\/obwodnicamilicza.pl\/#organization"},"potentialAction":[{"@type":"SearchAction","target":{"@type":"EntryPoint","urlTemplate":"http:\/\/obwodnicamilicza.pl\/?s={search_term_string}"},"query-input":{"@type":"PropertyValueSpecification","valueRequired":true,"valueName":"search_term_string"}}],"inLanguage":"pl-PL"},{"@type":"Organization","@id":"http:\/\/obwodnicamilicza.pl\/#organization","name":"Budowa obwodnicy Milicza DK15","url":"http:\/\/obwodnicamilicza.pl\/","logo":{"@type":"ImageObject","inLanguage":"pl-PL","@id":"http:\/\/obwodnicamilicza.pl\/#\/schema\/logo\/image\/","url":"http:\/\/obwodnicamilicza.pl\/wp-content\/uploads\/2021\/06\/cropped-100_obwodnic_kolor.png","contentUrl":"http:\/\/obwodnicamilicza.pl\/wp-content\/uploads\/2021\/06\/cropped-100_obwodnic_kolor.png","width":290,"height":38,"caption":"Budowa obwodnicy Milicza DK15"},"image":{"@id":"http:\/\/obwodnicamilicza.pl\/#\/schema\/logo\/image\/"}},{"@type":"Person","@id":"http:\/\/obwodnicamilicza.pl\/#\/schema\/person\/76d003005e5409cfcd3220ea8f5cf289","name":"milicz","image":{"@type":"ImageObject","inLanguage":"pl-PL","@id":"https:\/\/secure.gravatar.com\/avatar\/2330c906e29c143c5cdd177ff5c5600333c951f739c1193d6f534b71e1333ec7?s=96&d=mm&r=g","url":"https:\/\/secure.gravatar.com\/avatar\/2330c906e29c143c5cdd177ff5c5600333c951f739c1193d6f534b71e1333ec7?s=96&d=mm&r=g","contentUrl":"https:\/\/secure.gravatar.com\/avatar\/2330c906e29c143c5cdd177ff5c5600333c951f739c1193d6f534b71e1333ec7?s=96&d=mm&r=g","caption":"milicz"},"sameAs":["http:\/\/obwodnicamilicza.pl"],"url":"http:\/\/obwodnicamilicza.pl\/index.php\/author\/milicz\/"}]}},"_links":{"self":[{"href":"http:\/\/obwodnicamilicza.pl\/index.php\/wp-json\/wp\/v2\/posts\/698","targetHints":{"allow":["GET"]}}],"collection":[{"href":"http:\/\/obwodnicamilicza.pl\/index.php\/wp-json\/wp\/v2\/posts"}],"about":[{"href":"http:\/\/obwodnicamilicza.pl\/index.php\/wp-json\/wp\/v2\/types\/post"}],"author":[{"embeddable":true,"href":"http:\/\/obwodnicamilicza.pl\/index.php\/wp-json\/wp\/v2\/users\/1"}],"replies":[{"embeddable":true,"href":"http:\/\/obwodnicamilicza.pl\/index.php\/wp-json\/wp\/v2\/comments?post=698"}],"version-history":[{"count":13,"href":"http:\/\/obwodnicamilicza.pl\/index.php\/wp-json\/wp\/v2\/posts\/698\/revisions"}],"predecessor-version":[{"id":1246,"href":"http:\/\/obwodnicamilicza.pl\/index.php\/wp-json\/wp\/v2\/posts\/698\/revisions\/1246"}],"wp:attachment":[{"href":"http:\/\/obwodnicamilicza.pl\/index.php\/wp-json\/wp\/v2\/media?parent=698"}],"wp:term":[{"taxonomy":"category","embeddable":true,"href":"http:\/\/obwodnicamilicza.pl\/index.php\/wp-json\/wp\/v2\/categories?post=698"},{"taxonomy":"post_tag","embeddable":true,"href":"http:\/\/obwodnicamilicza.pl\/index.php\/wp-json\/wp\/v2\/tags?post=698"}],"curies":[{"name":"wp","href":"https:\/\/api.w.org\/{rel}","templated":true}]}}